{"id":5923,"date":"2025-04-24T10:02:11","date_gmt":"2025-04-24T13:02:11","guid":{"rendered":"https:\/\/camarapocinhos.pb.gov.br\/site\/?p=5923"},"modified":"2025-04-24T11:04:51","modified_gmt":"2025-04-24T14:04:51","slug":"vereadores-de-pocinhos-visitam-gabinete-do-deputado-federal-murilo-galdino-em-brasilia","status":"publish","type":"post","link":"https:\/\/camarapocinhos.pb.gov.br\/site\/vereadores-de-pocinhos-visitam-gabinete-do-deputado-federal-murilo-galdino-em-brasilia\/","title":{"rendered":"Vereadores de Pocinhos visitam gabinete do Deputado Federal Murilo Galdino, em Bras\u00edlia"},"content":{"rendered":"<p class=\"\" data-start=\"268\" data-end=\"667\">Durante a participa\u00e7\u00e3o na <strong data-start=\"294\" data-end=\"337\">XXIV Marcha dos Legislativos Municipais<\/strong>, em Bras\u00edlia, os vereadores <strong data-start=\"366\" data-end=\"450\">Gean de Bod\u00e9, Henrique Albuquerque, Paulinho Rocha, Thiago Costa e Tiago da \u00c1gua<\/strong>, que representam a <strong data-start=\"470\" data-end=\"502\">C\u00e2mara Municipal de Pocinhos<\/strong>, visitaram o gabinete do <strong data-start=\"528\" data-end=\"563\">Deputado Federal Murilo Galdino<\/strong> para protocolar uma s\u00e9rie de solicita\u00e7\u00f5es e emendas parlamentares em benef\u00edcio da popula\u00e7\u00e3o pocinhense.<\/p>\n<p class=\"\" data-start=\"669\" data-end=\"937\">Os parlamentares foram recebidos pela <strong data-start=\"707\" data-end=\"732\">chefe de gabinete Ana<\/strong> e pelo <strong data-start=\"740\" data-end=\"767\">assessor Dem\u00e9trio Costa<\/strong>, que acolheram as demandas com aten\u00e7\u00e3o e compromisso. As propostas abrangem \u00e1reas essenciais como agricultura, sa\u00fade mental, educa\u00e7\u00e3o, esporte, cultura e infraestrutura.<\/p>\n<p class=\"\" data-start=\"939\" data-end=\"1310\">O vereador <strong data-start=\"950\" data-end=\"966\">Gean de Bod\u00e9<\/strong> apresentou duas importantes solicita\u00e7\u00f5es: a primeira para a <strong data-start=\"1027\" data-end=\"1058\">constru\u00e7\u00e3o da Feira de Gado<\/strong> em Pocinhos, fortalecendo a economia rural e criando um espa\u00e7o adequado para os produtores locais; e a segunda, para a <strong data-start=\"1178\" data-end=\"1212\">perfura\u00e7\u00e3o de po\u00e7os artesianos<\/strong>, com o objetivo de proporcionar <strong data-start=\"1245\" data-end=\"1266\">seguran\u00e7a h\u00eddrica<\/strong> aos agricultores e moradores da zona rural.<\/p>\n<p class=\"\" data-start=\"1312\" data-end=\"1728\">Na \u00e1rea da educa\u00e7\u00e3o e cultura, o vereador <strong data-start=\"1354\" data-end=\"1378\">Henrique Albuquerque<\/strong> protocolou uma emenda parlamentar para garantir <strong data-start=\"1427\" data-end=\"1475\">atendimento psicol\u00f3gico nas escolas p\u00fablicas<\/strong> do munic\u00edpio, promovendo o cuidado com a sa\u00fade emocional dos estudantes. Al\u00e9m disso, solicitou a aquisi\u00e7\u00e3o de uma <strong data-start=\"1590\" data-end=\"1626\">van para a Secretaria de Cultura<\/strong>, que servir\u00e1 de apoio aos <strong data-start=\"1653\" data-end=\"1692\">desportistas e artistas pocinhenses<\/strong> em eventos dentro e fora da cidade.<\/p>\n<p class=\"\" data-start=\"1730\" data-end=\"2062\">O vereador <strong data-start=\"1741\" data-end=\"1759\">Paulinho Rocha<\/strong> refor\u00e7ou a parceria com o deputado Murilo Galdino agradecendo o envio anterior de <strong data-start=\"1842\" data-end=\"1883\">dois tratores de pneu e um carro-pipa<\/strong>, j\u00e1 em uso na zona rural. Na ocasi\u00e3o, solicitou <strong data-start=\"1932\" data-end=\"1962\">mais dois tratores de pneu<\/strong> e <strong data-start=\"1965\" data-end=\"1985\">outro carro-pipa<\/strong>, ampliando o suporte aos agricultores e \u00e0 infraestrutura rural do munic\u00edpio.<\/p>\n<p class=\"\" data-start=\"2064\" data-end=\"2532\">J\u00e1 o vereador <strong data-start=\"2078\" data-end=\"2094\">Thiago Costa<\/strong> protocolou pedidos com foco em mobilidade e esporte. Solicitou a <strong data-start=\"2160\" data-end=\"2200\">constru\u00e7\u00e3o de uma pista de atletismo<\/strong>, incentivando a pr\u00e1tica esportiva e o desenvolvimento de atletas locais. Tamb\u00e9m pediu o envio de <strong data-start=\"2298\" data-end=\"2317\">dois autom\u00f3veis<\/strong>: um para a <strong data-start=\"2329\" data-end=\"2354\">comunidade da Cai\u00e7ara<\/strong> e outro para atender \u00e0s comunidades de <strong data-start=\"2394\" data-end=\"2440\">Chucalheira, V\u00e1rzea da Lagoa e Maris Preto<\/strong>, contribuindo para a melhoria do transporte e do acesso a servi\u00e7os p\u00fablicos nessas regi\u00f5es.<\/p>\n<p class=\"\" data-start=\"2534\" data-end=\"2844\">O vereador <strong data-start=\"2545\" data-end=\"2562\">Tiago da \u00c1gua<\/strong> aproveitou a oportunidade para agradecer \u00e0 equipe do gabinete pela recep\u00e7\u00e3o e ao deputado pela <strong data-start=\"2658\" data-end=\"2714\">emenda que fortaleceu a Guarda Municipal de Pocinhos<\/strong>, com a aquisi\u00e7\u00e3o de um <strong data-start=\"2738\" data-end=\"2754\">novo ve\u00edculo<\/strong> que j\u00e1 est\u00e1 em atividade, contribuindo diretamente para a seguran\u00e7a p\u00fablica do munic\u00edpio.<\/p>\n<p class=\"\" data-start=\"2846\" data-end=\"3184\">A visita ao gabinete do deputado reafirma o compromisso dos vereadores de Pocinhos com a <strong data-start=\"2935\" data-end=\"2972\">busca por investimentos concretos<\/strong> e a articula\u00e7\u00e3o de parcerias que tragam melhorias reais para a popula\u00e7\u00e3o. Em Bras\u00edlia, os parlamentares mostram que o trabalho pelo povo vai al\u00e9m dos limites do munic\u00edpio \u2014 ele ecoa onde as decis\u00f5es s\u00e3o tomadas.<\/p>\n","protected":false},"excerpt":{"rendered":"<p>Durante a participa\u00e7\u00e3o na XXIV Marcha dos Legislativos Municipais, em Bras\u00edlia, os vereadores Gean de Bod\u00e9, Henrique Albuquerque, Paulinho Rocha, Thiago Costa e Tiago da \u00c1gua, que representam a C\u00e2mara Municipal de Pocinhos, visitaram o gabinete do Deputado Federal Murilo Galdino para protocolar uma s\u00e9rie de solicita\u00e7\u00f5es e emendas parlamentares em benef\u00edcio da popula\u00e7\u00e3o pocinhense&#8230;.<\/p>\n","protected":false},"author":3,"featured_media":5921,"comment_status":"closed","ping_status":"open","sticky":false,"template":"","format":"standard","meta":{"footnotes":""},"categories":[214],"tags":[],"class_list":["post-5923","post","type-post","status-publish","format-standard","has-post-thumbnail","hentry","category-noticias","th-blog blog-single has-post-thumbnail"],"_links":{"self":[{"href":"https:\/\/camarapocinhos.pb.gov.br\/site\/wp-json\/wp\/v2\/posts\/5923","targetHints":{"allow":["GET"]}}],"collection":[{"href":"https:\/\/camarapocinhos.pb.gov.br\/site\/wp-json\/wp\/v2\/posts"}],"about":[{"href":"https:\/\/camarapocinhos.pb.gov.br\/site\/wp-json\/wp\/v2\/types\/post"}],"author":[{"embeddable":true,"href":"https:\/\/camarapocinhos.pb.gov.br\/site\/wp-json\/wp\/v2\/users\/3"}],"replies":[{"embeddable":true,"href":"https:\/\/camarapocinhos.pb.gov.br\/site\/wp-json\/wp\/v2\/comments?post=5923"}],"version-history":[{"count":1,"href":"https:\/\/camarapocinhos.pb.gov.br\/site\/wp-json\/wp\/v2\/posts\/5923\/revisions"}],"predecessor-version":[{"id":5924,"href":"https:\/\/camarapocinhos.pb.gov.br\/site\/wp-json\/wp\/v2\/posts\/5923\/revisions\/5924"}],"wp:featuredmedia":[{"embeddable":true,"href":"https:\/\/camarapocinhos.pb.gov.br\/site\/wp-json\/wp\/v2\/media\/5921"}],"wp:attachment":[{"href":"https:\/\/camarapocinhos.pb.gov.br\/site\/wp-json\/wp\/v2\/media?parent=5923"}],"wp:term":[{"taxonomy":"category","embeddable":true,"href":"https:\/\/camarapocinhos.pb.gov.br\/site\/wp-json\/wp\/v2\/categories?post=5923"},{"taxonomy":"post_tag","embeddable":true,"href":"https:\/\/camarapocinhos.pb.gov.br\/site\/wp-json\/wp\/v2\/tags?post=5923"}],"curies":[{"name":"wp","href":"https:\/\/api.w.org\/{rel}","templated":true}]}}