{"id":6580,"date":"2026-01-23T16:39:58","date_gmt":"2026-01-23T19:39:58","guid":{"rendered":"https:\/\/camarapocinhos.pb.gov.br\/site\/?p=6580"},"modified":"2026-01-23T16:41:18","modified_gmt":"2026-01-23T19:41:18","slug":"vereadores-de-pocinhos-participam-de-assinatura-de-ordem-de-servico-para-pavimentacao-entre-pocinhos-e-olivedos","status":"publish","type":"post","link":"https:\/\/camarapocinhos.pb.gov.br\/site\/vereadores-de-pocinhos-participam-de-assinatura-de-ordem-de-servico-para-pavimentacao-entre-pocinhos-e-olivedos\/","title":{"rendered":"Vereadores de Pocinhos participam de assinatura de ordem de servi\u00e7o para pavimenta\u00e7\u00e3o entre Pocinhos e Olivedos"},"content":{"rendered":"<p>Vereadores de Pocinhos participaram nesta sexta-feira (23), da assinatura da ordem de servi\u00e7o da obra de pavimenta\u00e7\u00e3o da estrada que ligar\u00e1 os munic\u00edpios de Pocinhos e Olivedos, passando pelo Distrito de Nazar\u00e9. A iniciativa representa um avan\u00e7o significativo para a mobilidade, a integra\u00e7\u00e3o regional e o desenvolvimento da regi\u00e3o.<\/p>\n<p>&nbsp;<\/p>\n<p>O ato contou tamb\u00e9m com a presen\u00e7a de vereadores de Olivedos, al\u00e9m de autoridades municipais e lideran\u00e7as pol\u00edticas estaduais. A pavimenta\u00e7\u00e3o da estrada ir\u00e1 facilitar o deslocamento de moradores, contribuir para o fortalecimento da economia local e garantir mais seguran\u00e7a e conforto para os usu\u00e1rios da via.<\/p>\n<p>&nbsp;<\/p>\n<p>A participa\u00e7\u00e3o dos vereadores refor\u00e7a o compromisso do Poder Legislativo Municipal com o acompanhamento das a\u00e7\u00f5es e investimentos que impactam diretamente a vida da popula\u00e7\u00e3o, atuando de forma respons\u00e1vel e em defesa dos interesses do povo Pocinhense.<\/p>\n","protected":false},"excerpt":{"rendered":"<p>Vereadores de Pocinhos participaram nesta sexta-feira (23), da assinatura da ordem de servi\u00e7o da obra de pavimenta\u00e7\u00e3o da estrada que ligar\u00e1 os munic\u00edpios de Pocinhos e Olivedos, passando pelo Distrito de Nazar\u00e9. A iniciativa representa um avan\u00e7o significativo para a mobilidade, a integra\u00e7\u00e3o regional e o desenvolvimento da regi\u00e3o. &nbsp; O ato contou tamb\u00e9m com&#8230;<\/p>\n","protected":false},"author":3,"featured_media":6581,"comment_status":"closed","ping_status":"open","sticky":false,"template":"","format":"standard","meta":{"footnotes":""},"categories":[214],"tags":[],"class_list":["post-6580","post","type-post","status-publish","format-standard","has-post-thumbnail","hentry","category-noticias","th-blog blog-single has-post-thumbnail"],"_links":{"self":[{"href":"https:\/\/camarapocinhos.pb.gov.br\/site\/wp-json\/wp\/v2\/posts\/6580","targetHints":{"allow":["GET"]}}],"collection":[{"href":"https:\/\/camarapocinhos.pb.gov.br\/site\/wp-json\/wp\/v2\/posts"}],"about":[{"href":"https:\/\/camarapocinhos.pb.gov.br\/site\/wp-json\/wp\/v2\/types\/post"}],"author":[{"embeddable":true,"href":"https:\/\/camarapocinhos.pb.gov.br\/site\/wp-json\/wp\/v2\/users\/3"}],"replies":[{"embeddable":true,"href":"https:\/\/camarapocinhos.pb.gov.br\/site\/wp-json\/wp\/v2\/comments?post=6580"}],"version-history":[{"count":3,"href":"https:\/\/camarapocinhos.pb.gov.br\/site\/wp-json\/wp\/v2\/posts\/6580\/revisions"}],"predecessor-version":[{"id":6584,"href":"https:\/\/camarapocinhos.pb.gov.br\/site\/wp-json\/wp\/v2\/posts\/6580\/revisions\/6584"}],"wp:featuredmedia":[{"embeddable":true,"href":"https:\/\/camarapocinhos.pb.gov.br\/site\/wp-json\/wp\/v2\/media\/6581"}],"wp:attachment":[{"href":"https:\/\/camarapocinhos.pb.gov.br\/site\/wp-json\/wp\/v2\/media?parent=6580"}],"wp:term":[{"taxonomy":"category","embeddable":true,"href":"https:\/\/camarapocinhos.pb.gov.br\/site\/wp-json\/wp\/v2\/categories?post=6580"},{"taxonomy":"post_tag","embeddable":true,"href":"https:\/\/camarapocinhos.pb.gov.br\/site\/wp-json\/wp\/v2\/tags?post=6580"}],"curies":[{"name":"wp","href":"https:\/\/api.w.org\/{rel}","templated":true}]}}