{"id":6586,"date":"2026-02-12T16:09:36","date_gmt":"2026-02-12T19:09:36","guid":{"rendered":"https:\/\/camarapocinhos.pb.gov.br\/site\/?p=6586"},"modified":"2026-02-13T01:17:32","modified_gmt":"2026-02-13T04:17:32","slug":"camara-de-pocinhos-aprova-sete-projetos-em-sessao-extraordinaria-incluindo-reajuste-de-13-para-o-magisterio","status":"publish","type":"post","link":"https:\/\/camarapocinhos.pb.gov.br\/site\/camara-de-pocinhos-aprova-sete-projetos-em-sessao-extraordinaria-incluindo-reajuste-de-13-para-o-magisterio\/","title":{"rendered":"C\u00e2mara de Pocinhos aprova sete projetos em Sess\u00e3o Extraordin\u00e1ria, incluindo reajuste de 13% para o magist\u00e9rio"},"content":{"rendered":"<p>A C\u00e2mara Municipal de Pocinhos realizou, na manh\u00e3 desta quinta-feira (12), uma Sess\u00e3o Extraordin\u00e1ria para aprecia\u00e7\u00e3o e vota\u00e7\u00e3o de projetos encaminhados pelo Poder Executivo.<\/p>\n<p>&nbsp;<\/p>\n<p>A sess\u00e3o foi convocada pelo presidente da Casa, Batista de Dema, com in\u00edcio \u00e0s 9h30, reunindo os parlamentares para debate de pautas de interesse da popula\u00e7\u00e3o.<\/p>\n<p>&nbsp;<\/p>\n<p>Ao todo, foram votados sete projetos de lei, todos aprovados pelos vereadores. Entre as mat\u00e9rias apreciadas, destaca-se o projeto que concede reajuste de 13% ao magist\u00e9rio municipal, representando um importante avan\u00e7o na valoriza\u00e7\u00e3o dos profissionais da educa\u00e7\u00e3o.<\/p>\n<p>&nbsp;<\/p>\n<p>A aprova\u00e7\u00e3o reafirma o compromisso do Legislativo Municipal com o desenvolvimento de Pocinhos \u00a0e responsabilidade na tomada de decis\u00f5es que impactam diretamente a vida da popula\u00e7\u00e3o.<\/p>\n<p>&nbsp;<\/p>\n<p>A C\u00e2mara Municipal segue atuando de forma comprometida com o di\u00e1logo institucional e com o fortalecimento das pol\u00edticas p\u00fablicas no munic\u00edpio.<\/p>\n","protected":false},"excerpt":{"rendered":"<p>A C\u00e2mara Municipal de Pocinhos realizou, na manh\u00e3 desta quinta-feira (12), uma Sess\u00e3o Extraordin\u00e1ria para aprecia\u00e7\u00e3o e vota\u00e7\u00e3o de projetos encaminhados pelo Poder Executivo. &nbsp; A sess\u00e3o foi convocada pelo presidente da Casa, Batista de Dema, com in\u00edcio \u00e0s 9h30, reunindo os parlamentares para debate de pautas de interesse da popula\u00e7\u00e3o. &nbsp; Ao todo, foram&#8230;<\/p>\n","protected":false},"author":3,"featured_media":6587,"comment_status":"closed","ping_status":"open","sticky":false,"template":"","format":"standard","meta":{"footnotes":""},"categories":[214],"tags":[],"class_list":["post-6586","post","type-post","status-publish","format-standard","has-post-thumbnail","hentry","category-noticias","th-blog blog-single has-post-thumbnail"],"_links":{"self":[{"href":"https:\/\/camarapocinhos.pb.gov.br\/site\/wp-json\/wp\/v2\/posts\/6586","targetHints":{"allow":["GET"]}}],"collection":[{"href":"https:\/\/camarapocinhos.pb.gov.br\/site\/wp-json\/wp\/v2\/posts"}],"about":[{"href":"https:\/\/camarapocinhos.pb.gov.br\/site\/wp-json\/wp\/v2\/types\/post"}],"author":[{"embeddable":true,"href":"https:\/\/camarapocinhos.pb.gov.br\/site\/wp-json\/wp\/v2\/users\/3"}],"replies":[{"embeddable":true,"href":"https:\/\/camarapocinhos.pb.gov.br\/site\/wp-json\/wp\/v2\/comments?post=6586"}],"version-history":[{"count":3,"href":"https:\/\/camarapocinhos.pb.gov.br\/site\/wp-json\/wp\/v2\/posts\/6586\/revisions"}],"predecessor-version":[{"id":6590,"href":"https:\/\/camarapocinhos.pb.gov.br\/site\/wp-json\/wp\/v2\/posts\/6586\/revisions\/6590"}],"wp:featuredmedia":[{"embeddable":true,"href":"https:\/\/camarapocinhos.pb.gov.br\/site\/wp-json\/wp\/v2\/media\/6587"}],"wp:attachment":[{"href":"https:\/\/camarapocinhos.pb.gov.br\/site\/wp-json\/wp\/v2\/media?parent=6586"}],"wp:term":[{"taxonomy":"category","embeddable":true,"href":"https:\/\/camarapocinhos.pb.gov.br\/site\/wp-json\/wp\/v2\/categories?post=6586"},{"taxonomy":"post_tag","embeddable":true,"href":"https:\/\/camarapocinhos.pb.gov.br\/site\/wp-json\/wp\/v2\/tags?post=6586"}],"curies":[{"name":"wp","href":"https:\/\/api.w.org\/{rel}","templated":true}]}}