{"id":6591,"date":"2026-02-16T10:20:54","date_gmt":"2026-02-16T13:20:54","guid":{"rendered":"https:\/\/camarapocinhos.pb.gov.br\/site\/?p=6591"},"modified":"2026-02-16T10:21:53","modified_gmt":"2026-02-16T13:21:53","slug":"camara-municipal-de-pocinhos-manifesta-pesar-pelo-falecimento-de-elizabete-pereira-de-araujo","status":"publish","type":"post","link":"https:\/\/camarapocinhos.pb.gov.br\/site\/camara-municipal-de-pocinhos-manifesta-pesar-pelo-falecimento-de-elizabete-pereira-de-araujo\/","title":{"rendered":"C\u00e2mara Municipal de Pocinhos manifesta pesar pelo falecimento de Elizabete Pereira de Ara\u00fajo"},"content":{"rendered":"<p class=\"p2\"><span class=\"s1\">A C\u00e2mara Municipal de Pocinhos manifesta profundo pesar pelo falecimento de <\/span><span class=\"s2\">Elizabete Pereira de Ara\u00fajo<\/span><span class=\"s1\">, ocorrido neste domingo (15), deixando familiares, amigos e toda a comunidade consternados com sua partida.<\/span><\/p>\n<p>&nbsp;<\/p>\n<p class=\"p2\"><span class=\"s1\">Sua trajet\u00f3ria foi marcada pelo respeito, dedica\u00e7\u00e3o e humanidade, valores que permanecer\u00e3o como legado na mem\u00f3ria de todos que tiveram o privil\u00e9gio de conhec\u00ea-la. Neste momento de dor, o Poder Legislativo Municipal se solidariza com os familiares e amigos.<\/span><\/p>\n<p>&nbsp;<\/p>\n<p class=\"p2\"><span class=\"s1\">O vel\u00f3rio ser\u00e1 realizado neste domingo (15), a partir das 23h, na Funer\u00e1ria A Viagem, localizada na Rua Dom Pedro I, 650 \u2013 S\u00e3o Jos\u00e9, em Campina Grande, permanecendo at\u00e9 \u00e0s 12h da segunda-feira (16).<\/span><\/p>\n<p>&nbsp;<\/p>\n<p class=\"p2\"><span class=\"s1\">Em seguida, o corpo seguir\u00e1 para Pocinhos, onde haver\u00e1 vel\u00f3rio no Teatro Municipal, e o sepultamento ocorrer\u00e1 \u00e0s 17h.<\/span><\/p>\n<p>&nbsp;<\/p>\n<p class=\"p2\"><span class=\"s1\">A C\u00e2mara Municipal de Pocinhos reafirma seus sentimentos de pesar e respeito, unindo-se em ora\u00e7\u00e3o a todos os que sofrem com esta despedida.<\/span><\/p>\n","protected":false},"excerpt":{"rendered":"<p>A C\u00e2mara Municipal de Pocinhos manifesta profundo pesar pelo falecimento de Elizabete Pereira de Ara\u00fajo, ocorrido neste domingo (15), deixando familiares, amigos e toda a comunidade consternados com sua partida. &nbsp; Sua trajet\u00f3ria foi marcada pelo respeito, dedica\u00e7\u00e3o e humanidade, valores que permanecer\u00e3o como legado na mem\u00f3ria de todos que tiveram o privil\u00e9gio de conhec\u00ea-la&#8230;.<\/p>\n","protected":false},"author":3,"featured_media":6592,"comment_status":"closed","ping_status":"open","sticky":false,"template":"","format":"standard","meta":{"footnotes":""},"categories":[214],"tags":[],"class_list":["post-6591","post","type-post","status-publish","format-standard","has-post-thumbnail","hentry","category-noticias","th-blog blog-single has-post-thumbnail"],"_links":{"self":[{"href":"https:\/\/camarapocinhos.pb.gov.br\/site\/wp-json\/wp\/v2\/posts\/6591","targetHints":{"allow":["GET"]}}],"collection":[{"href":"https:\/\/camarapocinhos.pb.gov.br\/site\/wp-json\/wp\/v2\/posts"}],"about":[{"href":"https:\/\/camarapocinhos.pb.gov.br\/site\/wp-json\/wp\/v2\/types\/post"}],"author":[{"embeddable":true,"href":"https:\/\/camarapocinhos.pb.gov.br\/site\/wp-json\/wp\/v2\/users\/3"}],"replies":[{"embeddable":true,"href":"https:\/\/camarapocinhos.pb.gov.br\/site\/wp-json\/wp\/v2\/comments?post=6591"}],"version-history":[{"count":2,"href":"https:\/\/camarapocinhos.pb.gov.br\/site\/wp-json\/wp\/v2\/posts\/6591\/revisions"}],"predecessor-version":[{"id":6594,"href":"https:\/\/camarapocinhos.pb.gov.br\/site\/wp-json\/wp\/v2\/posts\/6591\/revisions\/6594"}],"wp:featuredmedia":[{"embeddable":true,"href":"https:\/\/camarapocinhos.pb.gov.br\/site\/wp-json\/wp\/v2\/media\/6592"}],"wp:attachment":[{"href":"https:\/\/camarapocinhos.pb.gov.br\/site\/wp-json\/wp\/v2\/media?parent=6591"}],"wp:term":[{"taxonomy":"category","embeddable":true,"href":"https:\/\/camarapocinhos.pb.gov.br\/site\/wp-json\/wp\/v2\/categories?post=6591"},{"taxonomy":"post_tag","embeddable":true,"href":"https:\/\/camarapocinhos.pb.gov.br\/site\/wp-json\/wp\/v2\/tags?post=6591"}],"curies":[{"name":"wp","href":"https:\/\/api.w.org\/{rel}","templated":true}]}}