{"id":6604,"date":"2026-04-29T13:20:48","date_gmt":"2026-04-29T16:20:48","guid":{"rendered":"https:\/\/camarapocinhos.pb.gov.br\/site\/?p=6604"},"modified":"2026-04-29T13:23:55","modified_gmt":"2026-04-29T16:23:55","slug":"vereadores-se-reunem-com-o-deputado-federal-murilo-galdino-em-brasilia-para-apresentar-demandas-do-municipio","status":"publish","type":"post","link":"https:\/\/camarapocinhos.pb.gov.br\/site\/vereadores-se-reunem-com-o-deputado-federal-murilo-galdino-em-brasilia-para-apresentar-demandas-do-municipio\/","title":{"rendered":"Vereadores se re\u00fanem com o deputado federal Murilo Galdino em Bras\u00edlia para apresentar demandas do munic\u00edpio"},"content":{"rendered":"<p class=\"p1\"><span class=\"s1\">Nesta quarta-feira (29), vereadores do munic\u00edpio estiveram em agenda institucional em Bras\u00edlia, onde participaram de reuni\u00e3o no gabinete do deputado federal <\/span><span class=\"s2\">Murilo Galdino<\/span><span class=\"s1\">, com o objetivo de apresentar pleitos e buscar investimentos para a cidade.<\/span><\/p>\n<p class=\"p1\"><span class=\"s1\"><br \/>\nDurante o encontro, foram discutidas demandas priorit\u00e1rias da popula\u00e7\u00e3o, com foco na capta\u00e7\u00e3o de recursos e no fortalecimento de parcerias que contribuam para o desenvolvimento de Pocinhos.<\/span><\/p>\n<p>&nbsp;<\/p>\n<p class=\"p1\"><span class=\"s1\">A agenda refor\u00e7a o compromisso do Legislativo Municipal em atuar de forma propositiva, articulando solu\u00e7\u00f5es e buscando melhorias concretas para o munic\u00edpio, sempre em di\u00e1logo com representantes que possam colaborar com o avan\u00e7o das pautas apresentadas.<\/span><\/p>\n","protected":false},"excerpt":{"rendered":"<p>Nesta quarta-feira (29), vereadores do munic\u00edpio estiveram em agenda institucional em Bras\u00edlia, onde participaram de reuni\u00e3o no gabinete do deputado federal Murilo Galdino, com o objetivo de apresentar pleitos e buscar investimentos para a cidade. Durante o encontro, foram discutidas demandas priorit\u00e1rias da popula\u00e7\u00e3o, com foco na capta\u00e7\u00e3o de recursos e no fortalecimento de parcerias&#8230;<\/p>\n","protected":false},"author":3,"featured_media":6605,"comment_status":"closed","ping_status":"open","sticky":false,"template":"","format":"standard","meta":{"footnotes":""},"categories":[214],"tags":[],"class_list":["post-6604","post","type-post","status-publish","format-standard","has-post-thumbnail","hentry","category-noticias","th-blog blog-single has-post-thumbnail"],"_links":{"self":[{"href":"https:\/\/camarapocinhos.pb.gov.br\/site\/wp-json\/wp\/v2\/posts\/6604","targetHints":{"allow":["GET"]}}],"collection":[{"href":"https:\/\/camarapocinhos.pb.gov.br\/site\/wp-json\/wp\/v2\/posts"}],"about":[{"href":"https:\/\/camarapocinhos.pb.gov.br\/site\/wp-json\/wp\/v2\/types\/post"}],"author":[{"embeddable":true,"href":"https:\/\/camarapocinhos.pb.gov.br\/site\/wp-json\/wp\/v2\/users\/3"}],"replies":[{"embeddable":true,"href":"https:\/\/camarapocinhos.pb.gov.br\/site\/wp-json\/wp\/v2\/comments?post=6604"}],"version-history":[{"count":2,"href":"https:\/\/camarapocinhos.pb.gov.br\/site\/wp-json\/wp\/v2\/posts\/6604\/revisions"}],"predecessor-version":[{"id":6607,"href":"https:\/\/camarapocinhos.pb.gov.br\/site\/wp-json\/wp\/v2\/posts\/6604\/revisions\/6607"}],"wp:featuredmedia":[{"embeddable":true,"href":"https:\/\/camarapocinhos.pb.gov.br\/site\/wp-json\/wp\/v2\/media\/6605"}],"wp:attachment":[{"href":"https:\/\/camarapocinhos.pb.gov.br\/site\/wp-json\/wp\/v2\/media?parent=6604"}],"wp:term":[{"taxonomy":"category","embeddable":true,"href":"https:\/\/camarapocinhos.pb.gov.br\/site\/wp-json\/wp\/v2\/categories?post=6604"},{"taxonomy":"post_tag","embeddable":true,"href":"https:\/\/camarapocinhos.pb.gov.br\/site\/wp-json\/wp\/v2\/tags?post=6604"}],"curies":[{"name":"wp","href":"https:\/\/api.w.org\/{rel}","templated":true}]}}